{"id":691,"date":"2021-11-22T22:25:57","date_gmt":"2021-11-22T21:25:57","guid":{"rendered":"https:\/\/peterundpaul-choere.de\/chor_wp\/?p=691"},"modified":"2021-11-22T23:08:32","modified_gmt":"2021-11-22T22:08:32","slug":"geistliches-konzert-2021","status":"publish","type":"post","link":"https:\/\/peterundpaul-choere.de\/chor_wp\/index.php\/2021\/11\/22\/geistliches-konzert-2021\/","title":{"rendered":"Geistliches Konzert  2021"},"content":{"rendered":"\n<p>Der Chor l\u00e4dt Sie herzlich ein zu seinem Geistlichen Konzert am <br><strong><u>Sonntag, 28. November 2021, 17.00 Uhr<\/u>. <\/strong><br>Veranstaltungsort: Kirche St. Peter und Paul, Hauptstra\u00dfe 49, 68259 Mannheim<\/p>\n\n\n\n<p>Charles Gounod (1818-1893) <br><strong>Messe br\u00e8ve no. 7 in C<\/strong><\/p>\n\n\n\n<p>Johannes Brahms (1833-1897) <br><strong>3 St\u00fccke aus \u201eMarienlieder\u201c op. 22<\/strong><\/p>\n\n\n\n<p>Gottfried Wolters (Satz) (1910-1989) <br><strong>\u201eMaria durch ein Dornwald ging\u201c<\/strong><\/p>\n\n\n\n<p>u. a.<\/p>\n\n\n\n<p>Gesamtleitung: Han Kyoung Park-Oelert<\/p>\n\n\n\n<p>Der Eintritt ist frei, um Spenden wird gebeten.<\/p>\n\n\n\n<p><strong>Es gelten (voraussichtlich) Maskenpflicht und die 2G-Plus-Regel: <br>Zutritt ausschlie\u00dflich f\u00fcr nachweislich vollst\u00e4ndig Geimpfte und Genesene mit tagesaktuellem, negativen Schnelltestergebnis.<\/strong> <br>Aktuelles zur Corona-Verordnung des Landes entnehmen Sie bitte sicherheitshalber der Tagespresse.<\/p>\n\n\n\n<p>Kontaktdatenerfassung mit LUCA-App oder schriftlich.<\/p>\n\n\n\n<p><strong>Die Kirche darf coronabedingt nicht beheizt werden.<\/strong><\/p>\n","protected":false},"excerpt":{"rendered":"<p>Der Chor l\u00e4dt Sie herzlich ein zu seinem Geistlichen Konzert am Sonntag, 28. November 2021, 17.00 Uhr. Veranstaltungsort: Kirche St. Peter und Paul, Hauptstra\u00dfe 49, 68259 Mannheim Charles Gounod (1818-1893) <a href=\"https:\/\/peterundpaul-choere.de\/chor_wp\/index.php\/2021\/11\/22\/geistliches-konzert-2021\/\" class=\"more-link\">[&hellip;]<\/a><\/p>\n","protected":false},"author":2,"featured_media":0,"comment_status":"open","ping_status":"open","sticky":false,"template":"","format":"standard","meta":{"Layout":"","footnotes":""},"categories":[3],"tags":[],"class_list":["entry","author-hloeb","post-691","post","type-post","status-publish","format-standard","category-aktuelles"],"_links":{"self":[{"href":"https:\/\/peterundpaul-choere.de\/chor_wp\/index.php\/wp-json\/wp\/v2\/posts\/691","targetHints":{"allow":["GET"]}}],"collection":[{"href":"https:\/\/peterundpaul-choere.de\/chor_wp\/index.php\/wp-json\/wp\/v2\/posts"}],"about":[{"href":"https:\/\/peterundpaul-choere.de\/chor_wp\/index.php\/wp-json\/wp\/v2\/types\/post"}],"author":[{"embeddable":true,"href":"https:\/\/peterundpaul-choere.de\/chor_wp\/index.php\/wp-json\/wp\/v2\/users\/2"}],"replies":[{"embeddable":true,"href":"https:\/\/peterundpaul-choere.de\/chor_wp\/index.php\/wp-json\/wp\/v2\/comments?post=691"}],"version-history":[{"count":27,"href":"https:\/\/peterundpaul-choere.de\/chor_wp\/index.php\/wp-json\/wp\/v2\/posts\/691\/revisions"}],"predecessor-version":[{"id":728,"href":"https:\/\/peterundpaul-choere.de\/chor_wp\/index.php\/wp-json\/wp\/v2\/posts\/691\/revisions\/728"}],"wp:attachment":[{"href":"https:\/\/peterundpaul-choere.de\/chor_wp\/index.php\/wp-json\/wp\/v2\/media?parent=691"}],"wp:term":[{"taxonomy":"category","embeddable":true,"href":"https:\/\/peterundpaul-choere.de\/chor_wp\/index.php\/wp-json\/wp\/v2\/categories?post=691"},{"taxonomy":"post_tag","embeddable":true,"href":"https:\/\/peterundpaul-choere.de\/chor_wp\/index.php\/wp-json\/wp\/v2\/tags?post=691"}],"curies":[{"name":"wp","href":"https:\/\/api.w.org\/{rel}","templated":true}]}}