{"id":441,"date":"2018-11-29T11:12:19","date_gmt":"2018-11-29T10:12:19","guid":{"rendered":"https:\/\/peterundpaul-choere.de\/chor_wp\/?p=441"},"modified":"2018-11-29T11:33:11","modified_gmt":"2018-11-29T10:33:11","slug":"nach-dem-verdi-requiem-2018","status":"publish","type":"post","link":"https:\/\/peterundpaul-choere.de\/chor_wp\/index.php\/2018\/11\/29\/nach-dem-verdi-requiem-2018\/","title":{"rendered":"Nach dem Verdi-Requiem 2018"},"content":{"rendered":"<p>Alle S\u00e4ngerinnen und S\u00e4nger, die Orchestermusiker und der Dirigent bedanken sich sehr herzlich bei allen Besucherinnen und Besuchern unseres Gesitlichen Konzerts am 25.11. in unserer bis auf den letzten Platz besetzten Kirche, die mit ihrer Begeisterung dazu beigetragen haben, dass der Abend auch f\u00fcr die Mitwirkenden zu einem besonders sch\u00f6nen und nachhaltigen Erlebnis wurde!<\/p>\n<p>Von der Auff\u00fchrung wird eine CD in Profiqualit\u00e4t produziert. \u00dcber die Fertigstellung informieren wir an dieser Stelle.<\/p>\n<p>Nachfolgend Ausz\u00fcge eines Schreibens des musikalischen Leiters an die Chormitglieder:<\/p>\n<p>Ein wundervolles Wochenende liegt hinter uns \u2013 Sie haben Ihren Part wunderbar ausgef\u00fcllt und jede\/r Einzelne hat dazu beigetragen, dass so etwas Gro\u00dfes entstehen konnte.<\/p>\n<p>Ich hoffe, Sie gehen lange mit sch\u00f6nen Erinnerungen und Ohrw\u00fcrmern durch Ihren Alltag.<\/p>\n<p>Auch beim Mithelfen rund ums Konzert war Ihre Beteiligung am Wochenende gro\u00df und engagiert \u2013 auch daf\u00fcr herzlichen Dank. So wurden die vielen Aufgaben unter vielen Mithelfenden verteilt und alles kam zu einem schnellen Abschluss.<\/p>\n<p>Damit wir weiterhin solche gro\u00dfen Musikwerke auff\u00fchren k\u00f6nnen, sind Ihre Spenden an den Chor\/die Ch\u00f6re immer und regelm\u00e4\u00dfig herzlich willkommen!<\/p>\n<p>Am Schluss darf ich Sie noch herzlich zum Mitsingen am Weihnachtsmorgen-Gottesdienst, 25.12. um 11 Uhr , in den Kirchenchor einladen: wir singen sch\u00f6ne Musik von Mozart, Bach und Rutter und musizieren zusammen wieder mit dem Heidelberger Kantatenorchester, Solisten und dem Kinderchor der Gemeinde. Die Proben darauf sind immer am Donnerstagabend und beginnen am kommenden Donnerstag, 29.11. um 19.45 Uhr in der Unterkirche.<\/p>\n<p>Ich gr\u00fc\u00dfe Sie herzlich und freue mich auf eine Fortsetzung unserer erfolgreichen Arbeit (und gerne auch mit neuen S\u00e4nger\/innen) \u2013 sp\u00e4testens am Donnerstag, 10. Januar 2019.<\/p>\n<p>Ihr<\/p>\n<p>Alexander Letters<\/p>\n","protected":false},"excerpt":{"rendered":"<p>Alle S\u00e4ngerinnen und S\u00e4nger, die Orchestermusiker und der Dirigent bedanken sich sehr herzlich bei allen Besucherinnen und Besuchern unseres Gesitlichen Konzerts am 25.11. in unserer bis auf den letzten Platz <a href=\"https:\/\/peterundpaul-choere.de\/chor_wp\/index.php\/2018\/11\/29\/nach-dem-verdi-requiem-2018\/\" class=\"more-link\">[&hellip;]<\/a><\/p>\n","protected":false},"author":2,"featured_media":0,"comment_status":"open","ping_status":"open","sticky":false,"template":"","format":"standard","meta":{"Layout":"","footnotes":""},"categories":[3],"tags":[],"class_list":["entry","author-hloeb","post-441","post","type-post","status-publish","format-standard","category-aktuelles"],"_links":{"self":[{"href":"https:\/\/peterundpaul-choere.de\/chor_wp\/index.php\/wp-json\/wp\/v2\/posts\/441","targetHints":{"allow":["GET"]}}],"collection":[{"href":"https:\/\/peterundpaul-choere.de\/chor_wp\/index.php\/wp-json\/wp\/v2\/posts"}],"about":[{"href":"https:\/\/peterundpaul-choere.de\/chor_wp\/index.php\/wp-json\/wp\/v2\/types\/post"}],"author":[{"embeddable":true,"href":"https:\/\/peterundpaul-choere.de\/chor_wp\/index.php\/wp-json\/wp\/v2\/users\/2"}],"replies":[{"embeddable":true,"href":"https:\/\/peterundpaul-choere.de\/chor_wp\/index.php\/wp-json\/wp\/v2\/comments?post=441"}],"version-history":[{"count":5,"href":"https:\/\/peterundpaul-choere.de\/chor_wp\/index.php\/wp-json\/wp\/v2\/posts\/441\/revisions"}],"predecessor-version":[{"id":446,"href":"https:\/\/peterundpaul-choere.de\/chor_wp\/index.php\/wp-json\/wp\/v2\/posts\/441\/revisions\/446"}],"wp:attachment":[{"href":"https:\/\/peterundpaul-choere.de\/chor_wp\/index.php\/wp-json\/wp\/v2\/media?parent=441"}],"wp:term":[{"taxonomy":"category","embeddable":true,"href":"https:\/\/peterundpaul-choere.de\/chor_wp\/index.php\/wp-json\/wp\/v2\/categories?post=441"},{"taxonomy":"post_tag","embeddable":true,"href":"https:\/\/peterundpaul-choere.de\/chor_wp\/index.php\/wp-json\/wp\/v2\/tags?post=441"}],"curies":[{"name":"wp","href":"https:\/\/api.w.org\/{rel}","templated":true}]}}